{"id":7907,"date":"2025-06-12T11:07:26","date_gmt":"2025-06-12T09:07:26","guid":{"rendered":"https:\/\/atemporal.casa\/adamas\/"},"modified":"2026-04-22T11:32:13","modified_gmt":"2026-04-22T09:32:13","slug":"adamas","status":"publish","type":"post","link":"https:\/\/atemporal.casa\/en\/adamas\/","title":{"rendered":"Adamas"},"content":{"rendered":"\t\t<div data-elementor-type=\"wp-post\" data-elementor-id=\"7907\" class=\"elementor elementor-7907 elementor-815\" data-elementor-post-type=\"post\">\n\t\t\t\t<div class=\"elementor-element elementor-element-da8e952 e-flex e-con-boxed e-con e-parent\" data-id=\"da8e952\" data-element_type=\"container\" data-e-type=\"container\">\n\t\t\t\t\t<div class=\"e-con-inner\">\n\t\t\t\t<div class=\"elementor-element elementor-element-dd426b3 elementor-widget elementor-widget-image\" data-id=\"dd426b3\" data-element_type=\"widget\" data-e-type=\"widget\" data-widget_type=\"image.default\">\n\t\t\t\t<div class=\"elementor-widget-container\">\n\t\t\t\t\t\t\t\t\t\t\t\t\t\t\t<img fetchpriority=\"high\" decoding=\"async\" width=\"1024\" height=\"683\" src=\"https:\/\/atemporal.casa\/wp-content\/uploads\/2025\/06\/Adamas-sofa-portada-Atemporal-1024x683.png\" class=\"attachment-large size-large wp-image-8140\" alt=\"\" srcset=\"https:\/\/atemporal.casa\/wp-content\/uploads\/2025\/06\/Adamas-sofa-portada-Atemporal-1024x683.png 1024w, https:\/\/atemporal.casa\/wp-content\/uploads\/2025\/06\/Adamas-sofa-portada-Atemporal-300x200.png 300w, https:\/\/atemporal.casa\/wp-content\/uploads\/2025\/06\/Adamas-sofa-portada-Atemporal-768x512.png 768w, https:\/\/atemporal.casa\/wp-content\/uploads\/2025\/06\/Adamas-sofa-portada-Atemporal-600x400.png 600w, https:\/\/atemporal.casa\/wp-content\/uploads\/2025\/06\/Adamas-sofa-portada-Atemporal.png 1536w\" sizes=\"(max-width: 1024px) 100vw, 1024px\" \/>\t\t\t\t\t\t\t\t\t\t\t\t\t\t\t<\/div>\n\t\t\t\t<\/div>\n\t\t\t\t\t<\/div>\n\t\t\t\t<\/div>\n\t\t<div class=\"elementor-element elementor-element-2cbd0aa e-flex e-con-boxed e-con e-parent\" data-id=\"2cbd0aa\" data-element_type=\"container\" data-e-type=\"container\">\n\t\t\t\t\t<div class=\"e-con-inner\">\n\t\t\t\t<div class=\"elementor-element elementor-element-5f7f094 elementor-widget elementor-widget-text-editor\" data-id=\"5f7f094\" data-element_type=\"widget\" data-e-type=\"widget\" data-widget_type=\"text-editor.default\">\n\t\t\t\t<div class=\"elementor-widget-container\">\n\t\t\t\t\t\t\t\t\t<p>ADAMAS<\/p>\t\t\t\t\t\t\t\t<\/div>\n\t\t\t\t<\/div>\n\t\t\t\t<div class=\"elementor-element elementor-element-5015de3 elementor-widget-divider--view-line elementor-widget elementor-widget-divider\" data-id=\"5015de3\" data-element_type=\"widget\" data-e-type=\"widget\" data-widget_type=\"divider.default\">\n\t\t\t\t<div class=\"elementor-widget-container\">\n\t\t\t\t\t\t\t<div class=\"elementor-divider\">\n\t\t\t<span class=\"elementor-divider-separator\">\n\t\t\t\t\t\t<\/span>\n\t\t<\/div>\n\t\t\t\t\t\t<\/div>\n\t\t\t\t<\/div>\n\t\t\t\t<div class=\"elementor-element elementor-element-8415b73 elementor-widget elementor-widget-text-editor\" data-id=\"8415b73\" data-element_type=\"widget\" data-e-type=\"widget\" data-widget_type=\"text-editor.default\">\n\t\t\t\t<div class=\"elementor-widget-container\">\n\t\t\t\t\t\t\t\t\t<p>Linen Collection<\/p>\t\t\t\t\t\t\t\t<\/div>\n\t\t\t\t<\/div>\n\t\t\t\t\t<\/div>\n\t\t\t\t<\/div>\n\t\t<div class=\"elementor-element elementor-element-80b372f e-flex e-con-boxed e-con e-parent\" data-id=\"80b372f\" data-element_type=\"container\" data-e-type=\"container\">\n\t\t\t\t\t<div class=\"e-con-inner\">\n\t\t\t\t<div class=\"elementor-element elementor-element-dd9f193 elementor-widget elementor-widget-image\" data-id=\"dd9f193\" data-element_type=\"widget\" data-e-type=\"widget\" data-widget_type=\"image.default\">\n\t\t\t\t<div class=\"elementor-widget-container\">\n\t\t\t\t\t\t\t\t\t\t\t\t\t\t\t<img decoding=\"async\" width=\"765\" height=\"1024\" src=\"https:\/\/atemporal.casa\/wp-content\/uploads\/ADAMAS-CASA-COCINA-SOFA-ATEMPORAL-765x1024.png\" class=\"attachment-large size-large wp-image-14216\" alt=\"\" srcset=\"https:\/\/atemporal.casa\/wp-content\/uploads\/ADAMAS-CASA-COCINA-SOFA-ATEMPORAL-765x1024.png 765w, https:\/\/atemporal.casa\/wp-content\/uploads\/ADAMAS-CASA-COCINA-SOFA-ATEMPORAL-224x300.png 224w, https:\/\/atemporal.casa\/wp-content\/uploads\/ADAMAS-CASA-COCINA-SOFA-ATEMPORAL-112x150.png 112w, https:\/\/atemporal.casa\/wp-content\/uploads\/ADAMAS-CASA-COCINA-SOFA-ATEMPORAL-768x1028.png 768w, https:\/\/atemporal.casa\/wp-content\/uploads\/ADAMAS-CASA-COCINA-SOFA-ATEMPORAL-600x803.png 600w, https:\/\/atemporal.casa\/wp-content\/uploads\/ADAMAS-CASA-COCINA-SOFA-ATEMPORAL.png 900w\" sizes=\"(max-width: 765px) 100vw, 765px\" \/>\t\t\t\t\t\t\t\t\t\t\t\t\t\t\t<\/div>\n\t\t\t\t<\/div>\n\t\t\t\t\t<\/div>\n\t\t\t\t<\/div>\n\t\t<div class=\"elementor-element elementor-element-272054c e-con-full e-flex e-con e-parent\" data-id=\"272054c\" data-element_type=\"container\" data-e-type=\"container\">\n\t\t\t\t<div class=\"elementor-element elementor-element-96727a1 elementor-arrows-position-inside elementor-pagination-position-outside elementor-widget elementor-widget-image-carousel\" data-id=\"96727a1\" data-element_type=\"widget\" data-e-type=\"widget\" data-settings=\"{&quot;slides_to_show&quot;:&quot;2&quot;,&quot;slides_to_scroll&quot;:&quot;1&quot;,&quot;navigation&quot;:&quot;both&quot;,&quot;autoplay&quot;:&quot;yes&quot;,&quot;pause_on_hover&quot;:&quot;yes&quot;,&quot;pause_on_interaction&quot;:&quot;yes&quot;,&quot;autoplay_speed&quot;:5000,&quot;infinite&quot;:&quot;yes&quot;,&quot;speed&quot;:500}\" data-widget_type=\"image-carousel.default\">\n\t\t\t\t<div class=\"elementor-widget-container\">\n\t\t\t\t\t\t\t<div class=\"elementor-image-carousel-wrapper swiper\" role=\"region\" aria-roledescription=\"carousel\" aria-label=\"Carrusel de im\u00e1genes\" dir=\"ltr\">\n\t\t\t<div class=\"elementor-image-carousel swiper-wrapper\" aria-live=\"off\">\n\t\t\t\t\t\t\t\t<div class=\"swiper-slide\" role=\"group\" aria-roledescription=\"slide\" aria-label=\"1 of 5\"><figure class=\"swiper-slide-inner\"><img decoding=\"async\" class=\"swiper-slide-image\" src=\"https:\/\/atemporal.casa\/wp-content\/uploads\/2025\/08\/Adamas-sofa-pouff-Atemporal.webp\" alt=\"Adamas-sofa-pouff-Atemporal\" \/><\/figure><\/div><div class=\"swiper-slide\" role=\"group\" aria-roledescription=\"slide\" aria-label=\"2 of 5\"><figure class=\"swiper-slide-inner\"><img decoding=\"async\" class=\"swiper-slide-image\" src=\"https:\/\/atemporal.casa\/wp-content\/uploads\/2025\/06\/Adamas-butaca-Atemporal-scaled.png\" alt=\"Adamas-butaca-Atemporal\" \/><\/figure><\/div><div class=\"swiper-slide\" role=\"group\" aria-roledescription=\"slide\" aria-label=\"3 of 5\"><figure class=\"swiper-slide-inner\"><img decoding=\"async\" class=\"swiper-slide-image\" src=\"https:\/\/atemporal.casa\/wp-content\/uploads\/2025\/08\/Adamas-sofa-Atemporal.webp\" alt=\"Adamas-sofa-Atemporal\" \/><\/figure><\/div><div class=\"swiper-slide\" role=\"group\" aria-roledescription=\"slide\" aria-label=\"4 of 5\"><figure class=\"swiper-slide-inner\"><img decoding=\"async\" class=\"swiper-slide-image\" src=\"https:\/\/atemporal.casa\/wp-content\/uploads\/2025\/09\/Adamas-sofa-tienda-Atemporal.jpg\" alt=\"Adamas-sofa-tienda-Atemporal\" \/><\/figure><\/div><div class=\"swiper-slide\" role=\"group\" aria-roledescription=\"slide\" aria-label=\"5 of 5\"><figure class=\"swiper-slide-inner\"><img decoding=\"async\" class=\"swiper-slide-image\" src=\"https:\/\/atemporal.casa\/wp-content\/uploads\/2025\/06\/Adamas-sofa-Atemporal-grey-1-scaled.png\" alt=\"Adamas-sofa-Atemporal-grey\" \/><\/figure><\/div>\t\t\t<\/div>\n\t\t\t\t\t\t\t\t\t\t\t\t<div class=\"elementor-swiper-button elementor-swiper-button-prev\" role=\"button\" tabindex=\"0\">\n\t\t\t\t\t\t<svg aria-hidden=\"true\" class=\"e-font-icon-svg e-eicon-chevron-left\" viewBox=\"0 0 1000 1000\" xmlns=\"http:\/\/www.w3.org\/2000\/svg\"><path d=\"M646 125C629 125 613 133 604 142L308 442C296 454 292 471 292 487 292 504 296 521 308 533L604 854C617 867 629 875 646 875 663 875 679 871 692 858 704 846 713 829 713 812 713 796 708 779 692 767L438 487 692 225C700 217 708 204 708 187 708 171 704 154 692 142 675 129 663 125 646 125Z\"><\/path><\/svg>\t\t\t\t\t<\/div>\n\t\t\t\t\t<div class=\"elementor-swiper-button elementor-swiper-button-next\" role=\"button\" tabindex=\"0\">\n\t\t\t\t\t\t<svg aria-hidden=\"true\" class=\"e-font-icon-svg e-eicon-chevron-right\" viewBox=\"0 0 1000 1000\" xmlns=\"http:\/\/www.w3.org\/2000\/svg\"><path d=\"M696 533C708 521 713 504 713 487 713 471 708 454 696 446L400 146C388 133 375 125 354 125 338 125 325 129 313 142 300 154 292 171 292 187 292 204 296 221 308 233L563 492 304 771C292 783 288 800 288 817 288 833 296 850 308 863 321 871 338 875 354 875 371 875 388 867 400 854L696 533Z\"><\/path><\/svg>\t\t\t\t\t<\/div>\n\t\t\t\t\n\t\t\t\t\t\t\t\t\t<div class=\"swiper-pagination\"><\/div>\n\t\t\t\t\t\t\t\t\t<\/div>\n\t\t\t\t\t\t<\/div>\n\t\t\t\t<\/div>\n\t\t\t\t<\/div>\n\t\t<div class=\"elementor-element elementor-element-9927beb e-flex e-con-boxed e-con e-parent\" data-id=\"9927beb\" data-element_type=\"container\" data-e-type=\"container\">\n\t\t\t\t\t<div class=\"e-con-inner\">\n\t\t<div class=\"elementor-element elementor-element-fac45cb e-con-full e-flex e-con e-child\" data-id=\"fac45cb\" data-element_type=\"container\" data-e-type=\"container\">\n\t\t\t\t<div class=\"elementor-element elementor-element-5b9e411 elementor-widget elementor-widget-text-editor\" data-id=\"5b9e411\" data-element_type=\"widget\" data-e-type=\"widget\" data-widget_type=\"text-editor.default\">\n\t\t\t\t<div class=\"elementor-widget-container\">\n\t\t\t\t\t\t\t\t\t<p data-start=\"130\" data-end=\"425\">Handcrafted with attention to every detail, we offer you a unique, high-quality piece that combines comfort, elegance, and sophistication. The Adamas model is available as an armchair, sofa, pouf, and modular sofa, with a wide range of dimensions and special adaptations. <\/p>\t\t\t\t\t\t\t\t<\/div>\n\t\t\t\t<\/div>\n\t\t\t\t<\/div>\n\t\t\t\t\t<\/div>\n\t\t\t\t<\/div>\n\t\t<div class=\"elementor-element elementor-element-ffff9e4 e-con-full e-flex e-con e-parent\" data-id=\"ffff9e4\" data-element_type=\"container\" data-e-type=\"container\">\n\t\t\t\t<div class=\"elementor-element elementor-element-00f1043 elementor-widget elementor-widget-n-accordion\" data-id=\"00f1043\" data-element_type=\"widget\" data-e-type=\"widget\" data-settings=\"{&quot;default_state&quot;:&quot;all_collapsed&quot;,&quot;max_items_expended&quot;:&quot;one&quot;,&quot;n_accordion_animation_duration&quot;:{&quot;unit&quot;:&quot;ms&quot;,&quot;size&quot;:400,&quot;sizes&quot;:[]}}\" data-widget_type=\"nested-accordion.default\">\n\t\t\t\t<div class=\"elementor-widget-container\">\n\t\t\t\t\t\t\t<div class=\"e-n-accordion\" aria-label=\"Accordion. Open links with Enter or Space, close with Escape, and navigate with Arrow Keys\">\n\t\t\t\t\t\t<details id=\"e-n-accordion-item-9870\" class=\"e-n-accordion-item\" >\n\t\t\t\t<summary class=\"e-n-accordion-item-title\" data-accordion-index=\"1\" tabindex=\"0\" aria-expanded=\"false\" aria-controls=\"e-n-accordion-item-9870\" >\n\t\t\t\t\t<span class='e-n-accordion-item-title-header'><div class=\"e-n-accordion-item-title-text\"> Design and COMFORT <\/div><\/span>\n\t\t\t\t\t\t\t<span class='e-n-accordion-item-title-icon'>\n\t\t\t<span class='e-opened' ><svg aria-hidden=\"true\" class=\"e-font-icon-svg e-fas-minus\" viewBox=\"0 0 448 512\" xmlns=\"http:\/\/www.w3.org\/2000\/svg\"><path d=\"M416 208H32c-17.67 0-32 14.33-32 32v32c0 17.67 14.33 32 32 32h384c17.67 0 32-14.33 32-32v-32c0-17.67-14.33-32-32-32z\"><\/path><\/svg><\/span>\n\t\t\t<span class='e-closed'><svg aria-hidden=\"true\" class=\"e-font-icon-svg e-fas-plus\" viewBox=\"0 0 448 512\" xmlns=\"http:\/\/www.w3.org\/2000\/svg\"><path d=\"M416 208H272V64c0-17.67-14.33-32-32-32h-32c-17.67 0-32 14.33-32 32v144H32c-17.67 0-32 14.33-32 32v32c0 17.67 14.33 32 32 32h144v144c0 17.67 14.33 32 32 32h32c17.67 0 32-14.33 32-32V304h144c17.67 0 32-14.33 32-32v-32c0-17.67-14.33-32-32-32z\"><\/path><\/svg><\/span>\n\t\t<\/span>\n\n\t\t\t\t\t\t<\/summary>\n\t\t\t\t<div role=\"region\" aria-labelledby=\"e-n-accordion-item-9870\" class=\"elementor-element elementor-element-f415825 e-con-full e-flex e-con e-child\" data-id=\"f415825\" data-element_type=\"container\" data-e-type=\"container\" data-settings=\"{&quot;background_background&quot;:&quot;classic&quot;}\">\n\t\t\t\t<div class=\"elementor-element elementor-element-254c416 elementor-widget elementor-widget-text-editor\" data-id=\"254c416\" data-element_type=\"widget\" data-e-type=\"widget\" data-widget_type=\"text-editor.default\">\n\t\t\t\t<div class=\"elementor-widget-container\">\n\t\t\t\t\t\t\t\t\t<p data-start=\"122\" data-end=\"377\">Our range of products is very extensive and designed to adapt to different lifestyles and needs. All our designs are handcrafted and made to measure, taking care of every detail during the process. <\/p><p data-start=\"379\" data-end=\"655\">In addition, our models are available in different sizes, modulations, and configurations, which allows creating completely personalized compositions. It is also possible to make <strong data-start=\"685\" data-end=\"714\">special modifications<\/strong>, always subject to consultation and validation by our technical department. <\/p><p data-start=\"797\" data-end=\"924\">Below, we indicate the type of <strong data-start=\"837\" data-end=\"860\">default comfort<\/strong> for this model (consult for other options):<\/p><p><img decoding=\"async\" class=\"wp-image-868 size-full aligncenter\" src=\"https:\/\/atemporal.casa\/wp-content\/uploads\/2025\/06\/atemporal.jpg\" alt=\"\" width=\"739\" height=\"167\" srcset=\"https:\/\/atemporal.casa\/wp-content\/uploads\/2025\/06\/atemporal.jpg 739w, https:\/\/atemporal.casa\/wp-content\/uploads\/2025\/06\/atemporal-300x68.jpg 300w, https:\/\/atemporal.casa\/wp-content\/uploads\/2025\/06\/atemporal-600x136.jpg 600w\" sizes=\"(max-width: 739px) 100vw, 739px\" \/><\/p>\t\t\t\t\t\t\t\t<\/div>\n\t\t\t\t<\/div>\n\t\t\t\t<\/div>\n\t\t\t\t\t<\/details>\n\t\t\t\t\t<\/div>\n\t\t\t\t\t\t<\/div>\n\t\t\t\t<\/div>\n\t\t\t\t<div class=\"elementor-element elementor-element-141a29b elementor-widget__width-inherit elementor-widget elementor-widget-n-accordion\" data-id=\"141a29b\" data-element_type=\"widget\" data-e-type=\"widget\" data-settings=\"{&quot;default_state&quot;:&quot;all_collapsed&quot;,&quot;max_items_expended&quot;:&quot;one&quot;,&quot;n_accordion_animation_duration&quot;:{&quot;unit&quot;:&quot;ms&quot;,&quot;size&quot;:400,&quot;sizes&quot;:[]}}\" data-widget_type=\"nested-accordion.default\">\n\t\t\t\t<div class=\"elementor-widget-container\">\n\t\t\t\t\t\t\t<div class=\"e-n-accordion\" aria-label=\"Accordion. Open links with Enter or Space, close with Escape, and navigate with Arrow Keys\">\n\t\t\t\t\t\t<details id=\"e-n-accordion-item-2100\" class=\"e-n-accordion-item\" >\n\t\t\t\t<summary class=\"e-n-accordion-item-title\" data-accordion-index=\"1\" tabindex=\"0\" aria-expanded=\"false\" aria-controls=\"e-n-accordion-item-2100\" >\n\t\t\t\t\t<span class='e-n-accordion-item-title-header'><div class=\"e-n-accordion-item-title-text\"> Technical specifications <\/div><\/span>\n\t\t\t\t\t\t\t<span class='e-n-accordion-item-title-icon'>\n\t\t\t<span class='e-opened' ><svg aria-hidden=\"true\" class=\"e-font-icon-svg e-fas-minus\" viewBox=\"0 0 448 512\" xmlns=\"http:\/\/www.w3.org\/2000\/svg\"><path d=\"M416 208H32c-17.67 0-32 14.33-32 32v32c0 17.67 14.33 32 32 32h384c17.67 0 32-14.33 32-32v-32c0-17.67-14.33-32-32-32z\"><\/path><\/svg><\/span>\n\t\t\t<span class='e-closed'><svg aria-hidden=\"true\" class=\"e-font-icon-svg e-fas-plus\" viewBox=\"0 0 448 512\" xmlns=\"http:\/\/www.w3.org\/2000\/svg\"><path d=\"M416 208H272V64c0-17.67-14.33-32-32-32h-32c-17.67 0-32 14.33-32 32v144H32c-17.67 0-32 14.33-32 32v32c0 17.67 14.33 32 32 32h144v144c0 17.67 14.33 32 32 32h32c17.67 0 32-14.33 32-32V304h144c17.67 0 32-14.33 32-32v-32c0-17.67-14.33-32-32-32z\"><\/path><\/svg><\/span>\n\t\t<\/span>\n\n\t\t\t\t\t\t<\/summary>\n\t\t\t\t<div role=\"region\" aria-labelledby=\"e-n-accordion-item-2100\" class=\"elementor-element elementor-element-c32a7be e-con-full e-flex e-con e-child\" data-id=\"c32a7be\" data-element_type=\"container\" data-e-type=\"container\" data-settings=\"{&quot;background_background&quot;:&quot;classic&quot;}\">\n\t\t\t\t<div class=\"elementor-element elementor-element-17e9471 elementor-hidden-desktop elementor-hidden-tablet elementor-widget elementor-widget-text-editor\" data-id=\"17e9471\" data-element_type=\"widget\" data-e-type=\"widget\" data-widget_type=\"text-editor.default\">\n\t\t\t\t<div class=\"elementor-widget-container\">\n\t\t\t\t\t\t\t\t\t<p><b>&#8211; <\/b><strong>Structure<\/strong>: 100% solid wood from <span style=\"color: #008000;\">sustainable forests<\/span>. Structure can be disassembled into 4 sections (arms, backrest, and base seat). No agglomerates or derivatives are used.   <span style=\"font-size: 15px;\"><b>Lifetime warranty.<\/b><\/span><br><b style=\"font-size: 15px;\"><b>&#8211; <\/b>Suspension<\/b><span style=\"font-size: 15px;\">: Base with high-strength elastic straps. <b>15-year warranty.<\/b><\/span><span style=\"font-size: 15px;\"><br><\/span><b style=\"font-size: 15px;\"><b>&#8211; <\/b>Back cushions, arm rests and toppers:<\/b><span style=\"font-size: 15px;\"> Relleno de microfibra acr\u00edlica antial\u00e9rgica reciclable <span style=\"color: #008000;\"><strong>Plumifill Eco\u00ae<\/strong><\/span>, libre de mezclas. Solvent-free wet spinning. 5-year warranty.<br><\/span><span style=\"font-size: 15px;\"><strong>&#8211; Hidden PVC sofa legs.<\/strong><\/span><br><span style=\"font-size: 15px;\"><strong>&#8211; <\/strong><\/span><strong>Fully removable covers<\/strong>, cushions, and structure.<\/p><p><span style=\"color: #b79634;\"><b>Important:<\/b><\/span> <span style=\"font-size: 15px;\">The<\/span><strong style=\"font-size: 15px;\">Topper<\/strong><span style=\"font-size: 15px;\"> The topper or top cushion is exceptionally soft and may change shape with daily use. It is recommended  <\/span><strong style=\"font-size: 15px;\">fluffing the cushions frequently to maintain the shape of the sofa<\/strong><span style=\"font-size: 15px;\"> This transformation should not be considered a defect, but rather a natural characteristic that gives the sofa a unique and cozy look. <\/span><\/p><p><strong><span data--o-w=\"false\">Ethical and sustainable commitment<\/span>: <\/strong>We choose alternatives that do not involve animal exploitation and avoid the use of feathers to prevent allergies, bad odors, accumulation of dirt, and the usual caking in traditional fillings.<\/p>\t\t\t\t\t\t\t\t<\/div>\n\t\t\t\t<\/div>\n\t\t\t\t<div class=\"elementor-element elementor-element-da6ad81 elementor-hidden-mobile elementor-widget elementor-widget-text-editor\" data-id=\"da6ad81\" data-element_type=\"widget\" data-e-type=\"widget\" data-widget_type=\"text-editor.default\">\n\t\t\t\t<div class=\"elementor-widget-container\">\n\t\t\t\t\t\t\t\t\t<p><b style=\"font-size: 15px;\">\u25cb<\/b><span style=\"font-size: 15px;\"><b> <\/b><strong>Structure<\/strong>: 100% solid wood from <span style=\"color: #008000;\">sustainable forests<\/span>. Structure can be disassembled into 4 sections (arms, backrest, and base seat). No agglomerates or derivatives are used.   <b>Lifetime warranty.<\/b><br><b style=\"font-size: 15px;\"><b>\u25cb <\/b>Suspension<\/b>: Base with high-strength elastic straps. <b>15-year warranty.<\/b><br><b style=\"font-size: 15px;\"><b>\u25cb<\/b> Back cushions, armrests, and topper<\/b>: Recyclable, hypoallergenic <span style=\"color: #008000;\"><strong>Plumifill Eco\u00ae <\/strong><\/span>acrylic microfiber filling, no mixing. Solvent-free wet spinning. <strong>5-year warranty.<\/strong> <br><strong><b style=\"font-size: 15px;\">\u25cb<\/b><b> <\/b>Hidden PVC sofa legs.<\/strong><\/span><span style=\"font-size: 15px;\"><br>\u25cb <strong>Fully removable covers<\/strong>, cushions, and structure.<br><\/span><\/p><p><span style=\"color: #b79634;\"><b>Important:<\/b><\/span> <span style=\"font-size: 15px;\">The<\/span><strong style=\"font-size: 15px;\">Topper<\/strong><span style=\"font-size: 15px;\"> The topper or top cushion is exceptionally soft and may change shape with daily use. It is recommended  <\/span><strong style=\"font-size: 15px;\">fluffing the cushions frequently to maintain the shape of the sofa<\/strong><span style=\"font-size: 15px;\"> This transformation should not be considered a defect, but rather a natural characteristic that gives the sofa a unique and cozy look. <\/span><\/p><p><strong><span data--o-w=\"false\">Ethical and sustainable commitment<\/span>: <\/strong>We choose alternatives that do not involve animal exploitation and avoid the use of feathers to prevent allergies, bad odors, accumulation of dirt, and the usual caking in traditional fillings.<\/p>\t\t\t\t\t\t\t\t<\/div>\n\t\t\t\t<\/div>\n\t\t\t\t<\/div>\n\t\t\t\t\t<\/details>\n\t\t\t\t\t<\/div>\n\t\t\t\t\t\t<\/div>\n\t\t\t\t<\/div>\n\t\t\t\t<div class=\"elementor-element elementor-element-8192a54 elementor-widget elementor-widget-text-editor\" data-id=\"8192a54\" data-element_type=\"widget\" data-e-type=\"widget\" data-widget_type=\"text-editor.default\">\n\t\t\t\t<div class=\"elementor-widget-container\">\n\t\t\t\t\t\t\t\t\t<p><a href=\"https:\/\/atemporal.casa\/wp-content\/uploads\/ADAMAS-FICHA-TECNICA-1.pdf\">dimensions<\/a><\/p>\t\t\t\t\t\t\t\t<\/div>\n\t\t\t\t<\/div>\n\t\t\t\t<div class=\"elementor-element elementor-element-9544bd8 elementor-widget elementor-widget-text-editor\" data-id=\"9544bd8\" data-element_type=\"widget\" data-e-type=\"widget\" data-widget_type=\"text-editor.default\">\n\t\t\t\t<div class=\"elementor-widget-container\">\n\t\t\t\t\t\t\t\t\t<p><a href=\"https:\/\/atemporal.casa\/en\/product-warranty\/\" target=\"_blank\" rel=\"noopener\">Warranty<\/a><\/p>\t\t\t\t\t\t\t\t<\/div>\n\t\t\t\t<\/div>\n\t\t\t\t<div class=\"elementor-element elementor-element-9489630 elementor-widget elementor-widget-text-editor\" data-id=\"9489630\" data-element_type=\"widget\" data-e-type=\"widget\" data-widget_type=\"text-editor.default\">\n\t\t\t\t<div class=\"elementor-widget-container\">\n\t\t\t\t\t\t\t\t\t<p><a href=\"https:\/\/atemporal.casa\/en\/points-of-sale\/\" target=\"_blank\" rel=\"noopener\">Store Locator<\/a><\/p>\t\t\t\t\t\t\t\t<\/div>\n\t\t\t\t<\/div>\n\t\t\t\t<div class=\"elementor-element elementor-element-71d8267 elementor-widget__width-inherit elementor-widget elementor-widget-n-accordion\" data-id=\"71d8267\" data-element_type=\"widget\" data-e-type=\"widget\" data-settings=\"{&quot;default_state&quot;:&quot;all_collapsed&quot;,&quot;max_items_expended&quot;:&quot;one&quot;,&quot;n_accordion_animation_duration&quot;:{&quot;unit&quot;:&quot;ms&quot;,&quot;size&quot;:400,&quot;sizes&quot;:[]}}\" data-widget_type=\"nested-accordion.default\">\n\t\t\t\t<div class=\"elementor-widget-container\">\n\t\t\t\t\t\t\t<div class=\"e-n-accordion\" aria-label=\"Accordion. Open links with Enter or Space, close with Escape, and navigate with Arrow Keys\">\n\t\t\t\t\t\t<details id=\"e-n-accordion-item-1190\" class=\"e-n-accordion-item\" >\n\t\t\t\t<summary class=\"e-n-accordion-item-title\" data-accordion-index=\"1\" tabindex=\"0\" aria-expanded=\"false\" aria-controls=\"e-n-accordion-item-1190\" >\n\t\t\t\t\t<span class='e-n-accordion-item-title-header'><div class=\"e-n-accordion-item-title-text\"> Washing the Topper\/Filling <\/div><\/span>\n\t\t\t\t\t\t\t<span class='e-n-accordion-item-title-icon'>\n\t\t\t<span class='e-opened' ><svg aria-hidden=\"true\" class=\"e-font-icon-svg e-fas-minus\" viewBox=\"0 0 448 512\" xmlns=\"http:\/\/www.w3.org\/2000\/svg\"><path d=\"M416 208H32c-17.67 0-32 14.33-32 32v32c0 17.67 14.33 32 32 32h384c17.67 0 32-14.33 32-32v-32c0-17.67-14.33-32-32-32z\"><\/path><\/svg><\/span>\n\t\t\t<span class='e-closed'><svg aria-hidden=\"true\" class=\"e-font-icon-svg e-fas-plus\" viewBox=\"0 0 448 512\" xmlns=\"http:\/\/www.w3.org\/2000\/svg\"><path d=\"M416 208H272V64c0-17.67-14.33-32-32-32h-32c-17.67 0-32 14.33-32 32v144H32c-17.67 0-32 14.33-32 32v32c0 17.67 14.33 32 32 32h144v144c0 17.67 14.33 32 32 32h32c17.67 0 32-14.33 32-32V304h144c17.67 0 32-14.33 32-32v-32c0-17.67-14.33-32-32-32z\"><\/path><\/svg><\/span>\n\t\t<\/span>\n\n\t\t\t\t\t\t<\/summary>\n\t\t\t\t<div role=\"region\" aria-labelledby=\"e-n-accordion-item-1190\" class=\"elementor-element elementor-element-51b84c7 e-con-full e-flex e-con e-child\" data-id=\"51b84c7\" data-element_type=\"container\" data-e-type=\"container\" data-settings=\"{&quot;background_background&quot;:&quot;classic&quot;}\">\n\t\t\t\t<div class=\"elementor-element elementor-element-b870653 elementor-hidden-desktop elementor-hidden-tablet elementor-widget elementor-widget-text-editor\" data-id=\"b870653\" data-element_type=\"widget\" data-e-type=\"widget\" data-widget_type=\"text-editor.default\">\n\t\t\t\t<div class=\"elementor-widget-container\">\n\t\t\t\t\t\t\t\t\t<p class=\"\"><strong>Washing recommendations for the TOPPER\/FILLING<\/strong><br><br>&#8211; To prevent the filling from clumping, use a <strong>delicate cycle<\/strong> or, failing that, a gentle spin cycle.<br>&#8211; You can wash your TOPPER\/FILLING in the washing machine as long as there is <strong>enough space<\/strong> in the drum when you put it in, otherwise it will not wash properly and may damage both the TOPPER\/FILLING and the washing machine. Use a liquid, neutral detergent.<br>&#8211; Use a <strong>delicate cycle<\/strong> at a temperature not exceeding 30 degrees. Once the cycle is complete, to prevent detergent residue from remaining in the TOPPER\/FILLING, it is recommended to run <strong>a couple of extra rinses with gentle spin cycles<\/strong>.<br>&#8211; Tumble dry, but <strong>make sure <\/strong>that the TOPPER\/FILLING <strong>fits loosely inside the machine<\/strong>. Drying should be done at a medium temperature to prevent the duvet from losing its fluffiness or <strong>becoming matted<\/strong>.<br>&#8211; Make sure the filling is evenly distributed throughout the surface. A little trick is to add several dryer balls to the drum.   <\/p>\t\t\t\t\t\t\t\t<\/div>\n\t\t\t\t<\/div>\n\t\t\t\t<div class=\"elementor-element elementor-element-5aa4d56 elementor-hidden-mobile elementor-widget elementor-widget-text-editor\" data-id=\"5aa4d56\" data-element_type=\"widget\" data-e-type=\"widget\" data-widget_type=\"text-editor.default\">\n\t\t\t\t<div class=\"elementor-widget-container\">\n\t\t\t\t\t\t\t\t\t<p class=\"\"><strong>Washing recommendations for the TOPPER\/FILLING<\/strong><\/p><p><b style=\"font-size: 15px;\">\u25cb <\/b>To prevent the filling from clumping, use a <strong>delicate cycle<\/strong> or, failing that, a gentle spin cycle.<br><b style=\"font-size: 15px;\">\u25cb <\/b>You can wash your TOPPER\/FILLING in the washing machine as long as there is <strong>enough space<\/strong> in the drum when you put it in. Otherwise, it will not wash properly and may damage both the TOPPER\/FILLING and the washing machine. Use a liquid, neutral detergent. <br><b style=\"font-size: 15px;\">\u25cb <\/b>Use a <strong>delicate wash cycle<\/strong> at a temperature not exceeding 30 degrees. Once the cycle is complete, to prevent any detergent residue from remaining in the TOPPER\/FILLING, it is advisable to run<strong> a couple of extra rinses with gentle spins<\/strong>. <br><b style=\"font-size: 15px;\">\u25cb <\/b>Tumble dry, but <strong>make sure<\/strong> that the TOPPER\/FILLING<strong> fits loosely<\/strong> inside the machine. Dry at a medium temperature to prevent the duvet from losing its fluffiness or becoming matted.<br><strong><b style=\"font-size: 15px;\">\u25cb <\/b><\/strong>Make sure the filling is evenly distributed throughout the surface. A little trick is to add several dryer balls to the drum. <\/p>\t\t\t\t\t\t\t\t<\/div>\n\t\t\t\t<\/div>\n\t\t\t\t<\/div>\n\t\t\t\t\t<\/details>\n\t\t\t\t\t<\/div>\n\t\t\t\t\t\t<\/div>\n\t\t\t\t<\/div>\n\t\t\t\t<\/div>\n\t\t<div class=\"elementor-element elementor-element-c0537f2 e-flex e-con-boxed e-con e-parent\" data-id=\"c0537f2\" data-element_type=\"container\" data-e-type=\"container\">\n\t\t\t\t\t<div class=\"e-con-inner\">\n\t\t\t\t<div class=\"elementor-element elementor-element-122ac7b elementor-widget elementor-widget-spacer\" data-id=\"122ac7b\" data-element_type=\"widget\" data-e-type=\"widget\" data-widget_type=\"spacer.default\">\n\t\t\t\t<div class=\"elementor-widget-container\">\n\t\t\t\t\t\t\t<div class=\"elementor-spacer\">\n\t\t\t<div class=\"elementor-spacer-inner\"><\/div>\n\t\t<\/div>\n\t\t\t\t\t\t<\/div>\n\t\t\t\t<\/div>\n\t\t\t\t\t<\/div>\n\t\t\t\t<\/div>\n\t\t<div class=\"elementor-element elementor-element-16ff92c e-flex e-con-boxed e-con e-parent\" data-id=\"16ff92c\" data-element_type=\"container\" data-e-type=\"container\">\n\t\t\t\t\t<div class=\"e-con-inner\">\n\t\t\t\t<div class=\"elementor-element elementor-element-23544c4 elementor-widget elementor-widget-text-editor\" data-id=\"23544c4\" data-element_type=\"widget\" data-e-type=\"widget\" data-widget_type=\"text-editor.default\">\n\t\t\t\t<div class=\"elementor-widget-container\">\n\t\t\t\t\t\t\t\t\t<p>You may also be interested in<\/p>\t\t\t\t\t\t\t\t<\/div>\n\t\t\t\t<\/div>\n\t\t\t\t\t<\/div>\n\t\t\t\t<\/div>\n\t\t<div class=\"elementor-element elementor-element-4fd7cb6 e-flex e-con-boxed e-con e-parent\" data-id=\"4fd7cb6\" data-element_type=\"container\" data-e-type=\"container\">\n\t\t\t\t\t<div class=\"e-con-inner\">\n\t\t\t\t<div class=\"elementor-element elementor-element-1c4ee6b elementor-pagination-type-bullets elementor-arrows-position-inside elementor-pagination-position-outside elementor-widget elementor-widget-n-carousel\" data-id=\"1c4ee6b\" data-element_type=\"widget\" data-e-type=\"widget\" data-settings=\"{&quot;carousel_items&quot;:[{&quot;slide_title&quot;:&quot;Diapositiva n\\u00ba 1&quot;,&quot;_id&quot;:&quot;f247d63&quot;}],&quot;slides_to_show&quot;:&quot;3&quot;,&quot;slides_to_scroll&quot;:&quot;6&quot;,&quot;slides_to_show_tablet&quot;:&quot;2&quot;,&quot;slides_to_show_mobile&quot;:&quot;1&quot;,&quot;autoplay&quot;:&quot;yes&quot;,&quot;autoplay_speed&quot;:5000,&quot;pause_on_hover&quot;:&quot;yes&quot;,&quot;pause_on_interaction&quot;:&quot;yes&quot;,&quot;infinite&quot;:&quot;yes&quot;,&quot;speed&quot;:500,&quot;offset_sides&quot;:&quot;none&quot;,&quot;arrows&quot;:&quot;yes&quot;,&quot;pagination&quot;:&quot;bullets&quot;,&quot;image_spacing_custom&quot;:{&quot;unit&quot;:&quot;px&quot;,&quot;size&quot;:10,&quot;sizes&quot;:[]},&quot;image_spacing_custom_tablet&quot;:{&quot;unit&quot;:&quot;px&quot;,&quot;size&quot;:&quot;&quot;,&quot;sizes&quot;:[]},&quot;image_spacing_custom_mobile&quot;:{&quot;unit&quot;:&quot;px&quot;,&quot;size&quot;:&quot;&quot;,&quot;sizes&quot;:[]}}\" data-widget_type=\"nested-carousel.default\">\n\t\t\t\t<div class=\"elementor-widget-container\">\n\t\t\t\t\t\t\t<div class=\"e-n-carousel swiper\" role=\"region\" aria-roledescription=\"carousel\" aria-label=\"Carrusel\" dir=\"ltr\">\n\t\t\t<div class=\"swiper-wrapper\" aria-live=\"off\">\n\t\t\t\t\t\t\t\t\t\t<div class=\"swiper-slide\" data-slide=\"1\" role=\"group\" aria-roledescription=\"slide\" aria-label=\"1 of 1\">\n\t\t\t\t\t\t\t<div class=\"elementor-element elementor-element-43027c2 e-flex e-con-boxed e-con e-child\" data-id=\"43027c2\" data-element_type=\"container\" data-e-type=\"container\">\n\t\t\t\t\t<div class=\"e-con-inner\">\n\t\t\t\t\t<\/div>\n\t\t\t\t<\/div>\n\t\t\t\t\t\t\t\t<\/div>\n\t\t\t\t\t\t\t\t<\/div>\n\t\t<\/div>\n\t\t\t\t\t\t<\/div>\n\t\t\t\t<\/div>\n\t\t\t\t\t<\/div>\n\t\t\t\t<\/div>\n\t\t<div class=\"elementor-element elementor-element-6716ecf e-flex e-con-boxed e-con e-parent\" data-id=\"6716ecf\" data-element_type=\"container\" data-e-type=\"container\">\n\t\t\t\t\t<div class=\"e-con-inner\">\n\t\t\t\t<div class=\"elementor-element elementor-element-0e401fc elementor-widget elementor-widget-spacer\" data-id=\"0e401fc\" data-element_type=\"widget\" data-e-type=\"widget\" data-widget_type=\"spacer.default\">\n\t\t\t\t<div class=\"elementor-widget-container\">\n\t\t\t\t\t\t\t<div class=\"elementor-spacer\">\n\t\t\t<div class=\"elementor-spacer-inner\"><\/div>\n\t\t<\/div>\n\t\t\t\t\t\t<\/div>\n\t\t\t\t<\/div>\n\t\t\t\t\t<\/div>\n\t\t\t\t<\/div>\n\t\t\t\t<\/div>\n\t\t","protected":false},"excerpt":{"rendered":"<p>ADAMAS Linen Collection Handcrafted with attention to every detail, we offer you a unique, high-quality piece that combines comfort, elegance, and sophistication. The Adamas model is available as an armchair, sofa, pouf, and modular sofa, with a wide range of dimensions and special adaptations. Design and COMFORT Our range of products is very extensive and [&hellip;]<\/p>\n","protected":false},"author":1,"featured_media":7080,"comment_status":"closed","ping_status":"open","sticky":false,"template":"elementor_header_footer","format":"standard","meta":{"ocean_post_layout":"","ocean_both_sidebars_style":"","ocean_both_sidebars_content_width":0,"ocean_both_sidebars_sidebars_width":0,"ocean_sidebar":"","ocean_second_sidebar":"","ocean_disable_margins":"enable","ocean_add_body_class":"","ocean_shortcode_before_top_bar":"","ocean_shortcode_after_top_bar":"","ocean_shortcode_before_header":"","ocean_shortcode_after_header":"","ocean_has_shortcode":"","ocean_shortcode_after_title":"","ocean_shortcode_before_footer_widgets":"","ocean_shortcode_after_footer_widgets":"","ocean_shortcode_before_footer_bottom":"","ocean_shortcode_after_footer_bottom":"","ocean_display_top_bar":"default","ocean_display_header":"default","ocean_header_style":"","ocean_center_header_left_menu":"","ocean_custom_header_template":"","ocean_custom_logo":0,"ocean_custom_retina_logo":0,"ocean_custom_logo_max_width":0,"ocean_custom_logo_tablet_max_width":0,"ocean_custom_logo_mobile_max_width":0,"ocean_custom_logo_max_height":0,"ocean_custom_logo_tablet_max_height":0,"ocean_custom_logo_mobile_max_height":0,"ocean_header_custom_menu":"","ocean_menu_typo_font_family":"","ocean_menu_typo_font_subset":"","ocean_menu_typo_font_size":0,"ocean_menu_typo_font_size_tablet":0,"ocean_menu_typo_font_size_mobile":0,"ocean_menu_typo_font_size_unit":"px","ocean_menu_typo_font_weight":"","ocean_menu_typo_font_weight_tablet":"","ocean_menu_typo_font_weight_mobile":"","ocean_menu_typo_transform":"","ocean_menu_typo_transform_tablet":"","ocean_menu_typo_transform_mobile":"","ocean_menu_typo_line_height":0,"ocean_menu_typo_line_height_tablet":0,"ocean_menu_typo_line_height_mobile":0,"ocean_menu_typo_line_height_unit":"","ocean_menu_typo_spacing":0,"ocean_menu_typo_spacing_tablet":0,"ocean_menu_typo_spacing_mobile":0,"ocean_menu_typo_spacing_unit":"","ocean_menu_link_color":"","ocean_menu_link_color_hover":"","ocean_menu_link_color_active":"","ocean_menu_link_background":"","ocean_menu_link_hover_background":"","ocean_menu_link_active_background":"","ocean_menu_social_links_bg":"","ocean_menu_social_hover_links_bg":"","ocean_menu_social_links_color":"","ocean_menu_social_hover_links_color":"","ocean_disable_title":"default","ocean_disable_heading":"default","ocean_post_title":"","ocean_post_subheading":"","ocean_post_title_style":"","ocean_post_title_background_color":"","ocean_post_title_background":0,"ocean_post_title_bg_image_position":"","ocean_post_title_bg_image_attachment":"","ocean_post_title_bg_image_repeat":"","ocean_post_title_bg_image_size":"","ocean_post_title_height":0,"ocean_post_title_bg_overlay":0.5,"ocean_post_title_bg_overlay_color":"","ocean_disable_breadcrumbs":"default","ocean_breadcrumbs_color":"","ocean_breadcrumbs_separator_color":"","ocean_breadcrumbs_links_color":"","ocean_breadcrumbs_links_hover_color":"","ocean_display_footer_widgets":"default","ocean_display_footer_bottom":"default","ocean_custom_footer_template":"","ocean_post_oembed":"","ocean_post_self_hosted_media":"","ocean_post_video_embed":"","ocean_link_format":"","ocean_link_format_target":"self","ocean_quote_format":"","ocean_quote_format_link":"post","ocean_gallery_link_images":"on","ocean_gallery_id":[],"footnotes":""},"categories":[70],"tags":[72],"class_list":["post-7907","post","type-post","status-publish","format-standard","has-post-thumbnail","hentry","category-linen-sofa-and-modulation","tag-linen-collection","entry","has-media","owp-thumbs-layout-horizontal","owp-btn-normal","owp-tabs-layout-horizontal","has-no-thumbnails","has-product-nav"],"yoast_head":"<!-- This site is optimized with the Yoast SEO Premium plugin v27.1 (Yoast SEO v27.4) - https:\/\/yoast.com\/product\/yoast-seo-premium-wordpress\/ -->\n<title>Adamas - ATEMPORAL Ethical Home Interiors<\/title>\n<meta name=\"robots\" content=\"index, follow, max-snippet:-1, max-image-preview:large, max-video-preview:-1\" \/>\n<link rel=\"canonical\" href=\"https:\/\/atemporal.casa\/en\/adamas\/\" \/>\n<meta property=\"og:locale\" content=\"en_US\" \/>\n<meta property=\"og:type\" content=\"article\" \/>\n<meta property=\"og:title\" content=\"Adamas\" \/>\n<meta property=\"og:description\" content=\"ADAMAS Linen Collection Handcrafted with attention to every detail, we offer you a unique, high-quality piece that combines comfort, elegance, and sophistication. The Adamas model is available as an armchair, sofa, pouf, and modular sofa, with a wide range of dimensions and special adaptations. Design and COMFORT Our range of products is very extensive and [&hellip;]\" \/>\n<meta property=\"og:url\" content=\"https:\/\/atemporal.casa\/en\/adamas\/\" \/>\n<meta property=\"og:site_name\" content=\"ATEMPORAL Ethical Home Interiors\" \/>\n<meta property=\"article:publisher\" content=\"https:\/\/www.facebook.com\/atemporalhomeinteriors\" \/>\n<meta property=\"article:published_time\" content=\"2025-06-12T09:07:26+00:00\" \/>\n<meta property=\"article:modified_time\" content=\"2026-04-22T09:32:13+00:00\" \/>\n<meta property=\"og:image\" content=\"https:\/\/atemporal.casa\/wp-content\/uploads\/2025\/07\/Adamas-sofa-pouff-Atemporal.webp\" \/>\n\t<meta property=\"og:image:width\" content=\"1536\" \/>\n\t<meta property=\"og:image:height\" content=\"1024\" \/>\n\t<meta property=\"og:image:type\" content=\"image\/webp\" \/>\n<meta name=\"author\" content=\"nebot.eric@gmail.com\" \/>\n<meta name=\"twitter:card\" content=\"summary_large_image\" \/>\n<meta name=\"twitter:label1\" content=\"Written by\" \/>\n\t<meta name=\"twitter:data1\" content=\"nebot.eric@gmail.com\" \/>\n\t<meta name=\"twitter:label2\" content=\"Est. reading time\" \/>\n\t<meta name=\"twitter:data2\" content=\"7 minutes\" \/>\n<script type=\"application\/ld+json\" class=\"yoast-schema-graph\">{\"@context\":\"https:\\\/\\\/schema.org\",\"@graph\":[{\"@type\":\"Article\",\"@id\":\"https:\\\/\\\/atemporal.casa\\\/en\\\/adamas\\\/#article\",\"isPartOf\":{\"@id\":\"https:\\\/\\\/atemporal.casa\\\/en\\\/adamas\\\/\"},\"author\":{\"name\":\"nebot.eric@gmail.com\",\"@id\":\"https:\\\/\\\/atemporal.casa\\\/en\\\/#\\\/schema\\\/person\\\/e73b88f1aaaf819816af90cfc3c817ab\"},\"headline\":\"Adamas\",\"datePublished\":\"2025-06-12T09:07:26+00:00\",\"dateModified\":\"2026-04-22T09:32:13+00:00\",\"mainEntityOfPage\":{\"@id\":\"https:\\\/\\\/atemporal.casa\\\/en\\\/adamas\\\/\"},\"wordCount\":1500,\"publisher\":{\"@id\":\"https:\\\/\\\/atemporal.casa\\\/en\\\/#organization\"},\"image\":{\"@id\":\"https:\\\/\\\/atemporal.casa\\\/en\\\/adamas\\\/#primaryimage\"},\"thumbnailUrl\":\"https:\\\/\\\/atemporal.casa\\\/wp-content\\\/uploads\\\/2025\\\/07\\\/Adamas-sofa-pouff-Atemporal.webp\",\"keywords\":[\"Linen Collection\"],\"articleSection\":[\"LINEN | Sofa and modulation\"],\"inLanguage\":\"en-US\"},{\"@type\":\"WebPage\",\"@id\":\"https:\\\/\\\/atemporal.casa\\\/en\\\/adamas\\\/\",\"url\":\"https:\\\/\\\/atemporal.casa\\\/en\\\/adamas\\\/\",\"name\":\"Adamas - ATEMPORAL Ethical Home Interiors\",\"isPartOf\":{\"@id\":\"https:\\\/\\\/atemporal.casa\\\/en\\\/#website\"},\"primaryImageOfPage\":{\"@id\":\"https:\\\/\\\/atemporal.casa\\\/en\\\/adamas\\\/#primaryimage\"},\"image\":{\"@id\":\"https:\\\/\\\/atemporal.casa\\\/en\\\/adamas\\\/#primaryimage\"},\"thumbnailUrl\":\"https:\\\/\\\/atemporal.casa\\\/wp-content\\\/uploads\\\/2025\\\/07\\\/Adamas-sofa-pouff-Atemporal.webp\",\"datePublished\":\"2025-06-12T09:07:26+00:00\",\"dateModified\":\"2026-04-22T09:32:13+00:00\",\"breadcrumb\":{\"@id\":\"https:\\\/\\\/atemporal.casa\\\/en\\\/adamas\\\/#breadcrumb\"},\"inLanguage\":\"en-US\",\"potentialAction\":[{\"@type\":\"ReadAction\",\"target\":[\"https:\\\/\\\/atemporal.casa\\\/en\\\/adamas\\\/\"]}]},{\"@type\":\"ImageObject\",\"inLanguage\":\"en-US\",\"@id\":\"https:\\\/\\\/atemporal.casa\\\/en\\\/adamas\\\/#primaryimage\",\"url\":\"https:\\\/\\\/atemporal.casa\\\/wp-content\\\/uploads\\\/2025\\\/07\\\/Adamas-sofa-pouff-Atemporal.webp\",\"contentUrl\":\"https:\\\/\\\/atemporal.casa\\\/wp-content\\\/uploads\\\/2025\\\/07\\\/Adamas-sofa-pouff-Atemporal.webp\",\"width\":1536,\"height\":1024},{\"@type\":\"BreadcrumbList\",\"@id\":\"https:\\\/\\\/atemporal.casa\\\/en\\\/adamas\\\/#breadcrumb\",\"itemListElement\":[{\"@type\":\"ListItem\",\"position\":1,\"name\":\"Home\",\"item\":\"https:\\\/\\\/atemporal.casa\\\/en\\\/\"},{\"@type\":\"ListItem\",\"position\":2,\"name\":\"Adamas\"}]},{\"@type\":\"WebSite\",\"@id\":\"https:\\\/\\\/atemporal.casa\\\/en\\\/#website\",\"url\":\"https:\\\/\\\/atemporal.casa\\\/en\\\/\",\"name\":\"atemporal.casa\",\"description\":\"n Atemporal Home Interiors nos hemos consolidado como un referente clave en el sector de la alta decoraci\u00f3n, tanto en Espa\u00f1a como en el resto de Europa.\",\"publisher\":{\"@id\":\"https:\\\/\\\/atemporal.casa\\\/en\\\/#organization\"},\"potentialAction\":[{\"@type\":\"SearchAction\",\"target\":{\"@type\":\"EntryPoint\",\"urlTemplate\":\"https:\\\/\\\/atemporal.casa\\\/en\\\/?s={search_term_string}\"},\"query-input\":{\"@type\":\"PropertyValueSpecification\",\"valueRequired\":true,\"valueName\":\"search_term_string\"}}],\"inLanguage\":\"en-US\"},{\"@type\":\"Organization\",\"@id\":\"https:\\\/\\\/atemporal.casa\\\/en\\\/#organization\",\"name\":\"atemporal.casa\",\"url\":\"https:\\\/\\\/atemporal.casa\\\/en\\\/\",\"logo\":{\"@type\":\"ImageObject\",\"inLanguage\":\"en-US\",\"@id\":\"https:\\\/\\\/atemporal.casa\\\/en\\\/#\\\/schema\\\/logo\\\/image\\\/\",\"url\":\"https:\\\/\\\/atemporal.casa\\\/wp-content\\\/uploads\\\/2025\\\/09\\\/cropped-LOGO-favicom-1.png\",\"contentUrl\":\"https:\\\/\\\/atemporal.casa\\\/wp-content\\\/uploads\\\/2025\\\/09\\\/cropped-LOGO-favicom-1.png\",\"width\":512,\"height\":512,\"caption\":\"atemporal.casa\"},\"image\":{\"@id\":\"https:\\\/\\\/atemporal.casa\\\/en\\\/#\\\/schema\\\/logo\\\/image\\\/\"},\"sameAs\":[\"https:\\\/\\\/www.facebook.com\\\/atemporalhomeinteriors\",\"https:\\\/\\\/www.instagram.com\\\/atemporalhomeinteriors\\\/\"],\"description\":\"Nuestros sof\u00e1s representan el equilibrio perfecto entre confort, elegancia y sofisticaci\u00f3n, convirti\u00e9ndose en la elecci\u00f3n ideal para elevar cualquier ambiente.\"},{\"@type\":\"Person\",\"@id\":\"https:\\\/\\\/atemporal.casa\\\/en\\\/#\\\/schema\\\/person\\\/e73b88f1aaaf819816af90cfc3c817ab\",\"name\":\"nebot.eric@gmail.com\",\"image\":{\"@type\":\"ImageObject\",\"inLanguage\":\"en-US\",\"@id\":\"https:\\\/\\\/secure.gravatar.com\\\/avatar\\\/842c07768d61b71a51ce0596a48dc6daa42389cc9137977b8e3f9aebb56480be?s=96&d=mm&r=g\",\"url\":\"https:\\\/\\\/secure.gravatar.com\\\/avatar\\\/842c07768d61b71a51ce0596a48dc6daa42389cc9137977b8e3f9aebb56480be?s=96&d=mm&r=g\",\"contentUrl\":\"https:\\\/\\\/secure.gravatar.com\\\/avatar\\\/842c07768d61b71a51ce0596a48dc6daa42389cc9137977b8e3f9aebb56480be?s=96&d=mm&r=g\",\"caption\":\"nebot.eric@gmail.com\"},\"sameAs\":[\"http:\\\/\\\/atemporal.casa\"]}]}<\/script>\n<!-- \/ Yoast SEO Premium plugin. -->","yoast_head_json":{"title":"Adamas - ATEMPORAL Ethical Home Interiors","robots":{"index":"index","follow":"follow","max-snippet":"max-snippet:-1","max-image-preview":"max-image-preview:large","max-video-preview":"max-video-preview:-1"},"canonical":"https:\/\/atemporal.casa\/en\/adamas\/","og_locale":"en_US","og_type":"article","og_title":"Adamas","og_description":"ADAMAS Linen Collection Handcrafted with attention to every detail, we offer you a unique, high-quality piece that combines comfort, elegance, and sophistication. The Adamas model is available as an armchair, sofa, pouf, and modular sofa, with a wide range of dimensions and special adaptations. Design and COMFORT Our range of products is very extensive and [&hellip;]","og_url":"https:\/\/atemporal.casa\/en\/adamas\/","og_site_name":"ATEMPORAL Ethical Home Interiors","article_publisher":"https:\/\/www.facebook.com\/atemporalhomeinteriors","article_published_time":"2025-06-12T09:07:26+00:00","article_modified_time":"2026-04-22T09:32:13+00:00","og_image":[{"width":1536,"height":1024,"url":"https:\/\/atemporal.casa\/wp-content\/uploads\/2025\/07\/Adamas-sofa-pouff-Atemporal.webp","type":"image\/webp"}],"author":"nebot.eric@gmail.com","twitter_card":"summary_large_image","twitter_misc":{"Written by":"nebot.eric@gmail.com","Est. reading time":"7 minutes"},"schema":{"@context":"https:\/\/schema.org","@graph":[{"@type":"Article","@id":"https:\/\/atemporal.casa\/en\/adamas\/#article","isPartOf":{"@id":"https:\/\/atemporal.casa\/en\/adamas\/"},"author":{"name":"nebot.eric@gmail.com","@id":"https:\/\/atemporal.casa\/en\/#\/schema\/person\/e73b88f1aaaf819816af90cfc3c817ab"},"headline":"Adamas","datePublished":"2025-06-12T09:07:26+00:00","dateModified":"2026-04-22T09:32:13+00:00","mainEntityOfPage":{"@id":"https:\/\/atemporal.casa\/en\/adamas\/"},"wordCount":1500,"publisher":{"@id":"https:\/\/atemporal.casa\/en\/#organization"},"image":{"@id":"https:\/\/atemporal.casa\/en\/adamas\/#primaryimage"},"thumbnailUrl":"https:\/\/atemporal.casa\/wp-content\/uploads\/2025\/07\/Adamas-sofa-pouff-Atemporal.webp","keywords":["Linen Collection"],"articleSection":["LINEN | Sofa and modulation"],"inLanguage":"en-US"},{"@type":"WebPage","@id":"https:\/\/atemporal.casa\/en\/adamas\/","url":"https:\/\/atemporal.casa\/en\/adamas\/","name":"Adamas - ATEMPORAL Ethical Home Interiors","isPartOf":{"@id":"https:\/\/atemporal.casa\/en\/#website"},"primaryImageOfPage":{"@id":"https:\/\/atemporal.casa\/en\/adamas\/#primaryimage"},"image":{"@id":"https:\/\/atemporal.casa\/en\/adamas\/#primaryimage"},"thumbnailUrl":"https:\/\/atemporal.casa\/wp-content\/uploads\/2025\/07\/Adamas-sofa-pouff-Atemporal.webp","datePublished":"2025-06-12T09:07:26+00:00","dateModified":"2026-04-22T09:32:13+00:00","breadcrumb":{"@id":"https:\/\/atemporal.casa\/en\/adamas\/#breadcrumb"},"inLanguage":"en-US","potentialAction":[{"@type":"ReadAction","target":["https:\/\/atemporal.casa\/en\/adamas\/"]}]},{"@type":"ImageObject","inLanguage":"en-US","@id":"https:\/\/atemporal.casa\/en\/adamas\/#primaryimage","url":"https:\/\/atemporal.casa\/wp-content\/uploads\/2025\/07\/Adamas-sofa-pouff-Atemporal.webp","contentUrl":"https:\/\/atemporal.casa\/wp-content\/uploads\/2025\/07\/Adamas-sofa-pouff-Atemporal.webp","width":1536,"height":1024},{"@type":"BreadcrumbList","@id":"https:\/\/atemporal.casa\/en\/adamas\/#breadcrumb","itemListElement":[{"@type":"ListItem","position":1,"name":"Home","item":"https:\/\/atemporal.casa\/en\/"},{"@type":"ListItem","position":2,"name":"Adamas"}]},{"@type":"WebSite","@id":"https:\/\/atemporal.casa\/en\/#website","url":"https:\/\/atemporal.casa\/en\/","name":"atemporal.casa","description":"n Atemporal Home Interiors nos hemos consolidado como un referente clave en el sector de la alta decoraci\u00f3n, tanto en Espa\u00f1a como en el resto de Europa.","publisher":{"@id":"https:\/\/atemporal.casa\/en\/#organization"},"potentialAction":[{"@type":"SearchAction","target":{"@type":"EntryPoint","urlTemplate":"https:\/\/atemporal.casa\/en\/?s={search_term_string}"},"query-input":{"@type":"PropertyValueSpecification","valueRequired":true,"valueName":"search_term_string"}}],"inLanguage":"en-US"},{"@type":"Organization","@id":"https:\/\/atemporal.casa\/en\/#organization","name":"atemporal.casa","url":"https:\/\/atemporal.casa\/en\/","logo":{"@type":"ImageObject","inLanguage":"en-US","@id":"https:\/\/atemporal.casa\/en\/#\/schema\/logo\/image\/","url":"https:\/\/atemporal.casa\/wp-content\/uploads\/2025\/09\/cropped-LOGO-favicom-1.png","contentUrl":"https:\/\/atemporal.casa\/wp-content\/uploads\/2025\/09\/cropped-LOGO-favicom-1.png","width":512,"height":512,"caption":"atemporal.casa"},"image":{"@id":"https:\/\/atemporal.casa\/en\/#\/schema\/logo\/image\/"},"sameAs":["https:\/\/www.facebook.com\/atemporalhomeinteriors","https:\/\/www.instagram.com\/atemporalhomeinteriors\/"],"description":"Nuestros sof\u00e1s representan el equilibrio perfecto entre confort, elegancia y sofisticaci\u00f3n, convirti\u00e9ndose en la elecci\u00f3n ideal para elevar cualquier ambiente."},{"@type":"Person","@id":"https:\/\/atemporal.casa\/en\/#\/schema\/person\/e73b88f1aaaf819816af90cfc3c817ab","name":"nebot.eric@gmail.com","image":{"@type":"ImageObject","inLanguage":"en-US","@id":"https:\/\/secure.gravatar.com\/avatar\/842c07768d61b71a51ce0596a48dc6daa42389cc9137977b8e3f9aebb56480be?s=96&d=mm&r=g","url":"https:\/\/secure.gravatar.com\/avatar\/842c07768d61b71a51ce0596a48dc6daa42389cc9137977b8e3f9aebb56480be?s=96&d=mm&r=g","contentUrl":"https:\/\/secure.gravatar.com\/avatar\/842c07768d61b71a51ce0596a48dc6daa42389cc9137977b8e3f9aebb56480be?s=96&d=mm&r=g","caption":"nebot.eric@gmail.com"},"sameAs":["http:\/\/atemporal.casa"]}]}},"_links":{"self":[{"href":"https:\/\/atemporal.casa\/en\/wp-json\/wp\/v2\/posts\/7907","targetHints":{"allow":["GET"]}}],"collection":[{"href":"https:\/\/atemporal.casa\/en\/wp-json\/wp\/v2\/posts"}],"about":[{"href":"https:\/\/atemporal.casa\/en\/wp-json\/wp\/v2\/types\/post"}],"author":[{"embeddable":true,"href":"https:\/\/atemporal.casa\/en\/wp-json\/wp\/v2\/users\/1"}],"replies":[{"embeddable":true,"href":"https:\/\/atemporal.casa\/en\/wp-json\/wp\/v2\/comments?post=7907"}],"version-history":[{"count":2,"href":"https:\/\/atemporal.casa\/en\/wp-json\/wp\/v2\/posts\/7907\/revisions"}],"predecessor-version":[{"id":15098,"href":"https:\/\/atemporal.casa\/en\/wp-json\/wp\/v2\/posts\/7907\/revisions\/15098"}],"wp:featuredmedia":[{"embeddable":true,"href":"https:\/\/atemporal.casa\/en\/wp-json\/wp\/v2\/media\/7080"}],"wp:attachment":[{"href":"https:\/\/atemporal.casa\/en\/wp-json\/wp\/v2\/media?parent=7907"}],"wp:term":[{"taxonomy":"category","embeddable":true,"href":"https:\/\/atemporal.casa\/en\/wp-json\/wp\/v2\/categories?post=7907"},{"taxonomy":"post_tag","embeddable":true,"href":"https:\/\/atemporal.casa\/en\/wp-json\/wp\/v2\/tags?post=7907"}],"curies":[{"name":"wp","href":"https:\/\/api.w.org\/{rel}","templated":true}]}}